{"id":162,"date":"2016-02-12T10:22:47","date_gmt":"2016-02-12T10:22:47","guid":{"rendered":"https:\/\/www.alddr.ch\/site-alddr\/?p=162"},"modified":"2020-09-16T10:54:27","modified_gmt":"2020-09-16T10:54:27","slug":"un-ancien-eleve-du-gymnase-cantonal-a-la-tete-de-lepfl","status":"publish","type":"post","link":"https:\/\/www.alddr.ch\/site-alddr\/?p=162","title":{"rendered":"Un ancien \u00e9l\u00e8ve du Gymnase cantonal \u00e0 la t\u00eate de l&rsquo;EPFL!"},"content":{"rendered":"<p>C&rsquo;est avec fiert\u00e9 que nous apprenons la d\u00e9signation de Monsieur <a href=\"https:\/\/fr.wikipedia.org\/wiki\/Martin_Vetterli\" target=\"_blank\" rel=\"noopener noreferrer\">Martin Vetterli<\/a>, ancien \u00e9l\u00e8ve du Gymnase cantonal de Neuch\u00e2tel, \u00e0 la t\u00eate de la prestigieuse haute \u00e9cole f\u00e9d\u00e9rale!<br \/>\nNatif de Cortaillod, M. Vetterli, n\u00e9 en 1957, a effectu\u00e9 \u00ab\u00a0son gymnase\u00a0\u00bb \u00e0 Neuch\u00e2tel avant d&rsquo;entamer des \u00e9tudes scientifiques \u00e0 l&rsquo;EPFZ o\u00f9 il a obtenu un dipl\u00f4me en g\u00e9nie \u00e9lectrique.<\/p>\n<p><img loading=\"lazy\" decoding=\"async\" class=\"alignnone wp-image-163 size-full\" src=\"https:\/\/www.alddr.ch\/site-alddr\/wp-content\/uploads\/2020\/09\/Martin_Vetterli_400.jpg\" alt=\"\" width=\"400\" height=\"279\" srcset=\"https:\/\/www.alddr.ch\/site-alddr\/wp-content\/uploads\/2020\/09\/Martin_Vetterli_400.jpg 400w, https:\/\/www.alddr.ch\/site-alddr\/wp-content\/uploads\/2020\/09\/Martin_Vetterli_400-300x209.jpg 300w\" sizes=\"auto, (max-width: 400px) 100vw, 400px\" \/><\/p>\n<p>Apr\u00e8s avoir enseign\u00e9 dix ans aux Etats-Unis, il est revenu en Suisse o\u00f9 il pr\u00e9side actuellement le Conseil scientifique du Fonds national de la recherche tout en dirigeant la Facult\u00e9 d&rsquo;informatique et des syst\u00e8mes de communication \u00e0 l\u2019EPFL.<\/p>\n<p>En 2013, il a fait l\u2019honneur au Lyc\u00e9e Denis-de-Rougemont de donner une conf\u00e9rence aux \u00e9l\u00e8ves de 3e ann\u00e9e, \u00e0 l\u2019instigation de l\u2019Association des Amis et des Anciens \u00e9l\u00e8ves du lyc\u00e9e.<\/p>\n<p>Nous formons nos v\u0153ux pour la suite de la brillante carri\u00e8re de M. Vetterli.<\/p>\n<p>Christian Berger<\/p>\n<p>Pr\u00e9sident<\/p>\n<p>&nbsp;<\/p>\n","protected":false},"excerpt":{"rendered":"<p>C&rsquo;est avec fiert\u00e9 que nous apprenons la d\u00e9signation de Monsieur Martin Vetterli, ancien \u00e9l\u00e8ve du Gymnase cantonal de Neuch\u00e2tel, \u00e0 la t\u00eate de la prestigieuse haute \u00e9cole f\u00e9d\u00e9rale! Natif de Cortaillod, M. Vetterli, n\u00e9 en 1957, a effectu\u00e9 \u00ab\u00a0son gymnase\u00a0\u00bb \u00e0 Neuch\u00e2tel avant d&rsquo;entamer des \u00e9tudes scientifiques \u00e0 l&rsquo;EPFZ o\u00f9 il a obtenu un dipl\u00f4me [&hellip;]<\/p>\n","protected":false},"author":1,"featured_media":0,"comment_status":"closed","ping_status":"open","sticky":false,"template":"","format":"standard","meta":{"footnotes":""},"categories":[1],"tags":[],"class_list":["post-162","post","type-post","status-publish","format-standard","hentry","category-uncategorized"],"_links":{"self":[{"href":"https:\/\/www.alddr.ch\/site-alddr\/index.php?rest_route=\/wp\/v2\/posts\/162","targetHints":{"allow":["GET"]}}],"collection":[{"href":"https:\/\/www.alddr.ch\/site-alddr\/index.php?rest_route=\/wp\/v2\/posts"}],"about":[{"href":"https:\/\/www.alddr.ch\/site-alddr\/index.php?rest_route=\/wp\/v2\/types\/post"}],"author":[{"embeddable":true,"href":"https:\/\/www.alddr.ch\/site-alddr\/index.php?rest_route=\/wp\/v2\/users\/1"}],"replies":[{"embeddable":true,"href":"https:\/\/www.alddr.ch\/site-alddr\/index.php?rest_route=%2Fwp%2Fv2%2Fcomments&post=162"}],"version-history":[{"count":1,"href":"https:\/\/www.alddr.ch\/site-alddr\/index.php?rest_route=\/wp\/v2\/posts\/162\/revisions"}],"predecessor-version":[{"id":164,"href":"https:\/\/www.alddr.ch\/site-alddr\/index.php?rest_route=\/wp\/v2\/posts\/162\/revisions\/164"}],"wp:attachment":[{"href":"https:\/\/www.alddr.ch\/site-alddr\/index.php?rest_route=%2Fwp%2Fv2%2Fmedia&parent=162"}],"wp:term":[{"taxonomy":"category","embeddable":true,"href":"https:\/\/www.alddr.ch\/site-alddr\/index.php?rest_route=%2Fwp%2Fv2%2Fcategories&post=162"},{"taxonomy":"post_tag","embeddable":true,"href":"https:\/\/www.alddr.ch\/site-alddr\/index.php?rest_route=%2Fwp%2Fv2%2Ftags&post=162"}],"curies":[{"name":"wp","href":"https:\/\/api.w.org\/{rel}","templated":true}]}}